{"id":2862,"date":"2025-12-26T10:45:37","date_gmt":"2025-12-26T09:45:37","guid":{"rendered":"http:\/\/pubweb.carnet.hr\/ssssisn\/?p=2862"},"modified":"2025-12-26T10:45:37","modified_gmt":"2025-12-26T09:45:37","slug":"futsal-djecaci-osnovnih-skola","status":"publish","type":"post","link":"https:\/\/skolski-sportski-savez-samobora-i-svete-nedelje.hr\/?p=2862","title":{"rendered":"Futsal &#8211; dje\u010daci osnovnih \u0161kola"},"content":{"rendered":"<p>U subotu, 20. prosinca, u dvorani Osnovne \u0161kole Vladimira De\u0161\u010daka u Rakitju odr\u017eano je gradsko natjecanje u futsalu za dje\u010dake osnovnih \u0161kola.<\/p>\n<p>U prilogu se nalazi izvje\u0161\u0107e s natjecanja, kao i fotografije s odigranih utakmica.<\/p>\n<p><a href=\"https:\/\/docs.google.com\/document\/d\/1c8iZ5_0Cxt0XNSA5QRQU-PziThDbOzVN\/edit?usp=sharing&amp;ouid=107600576966781543024&amp;rtpof=true&amp;sd=true\">Izvje\u0161\u0107e s natjecanja<\/a><\/p>\n<p><a href=\"https:\/\/www.flickr.com\/photos\/203093967@N06\/55006166210\/in\/dateposted-public\/\"><img loading=\"lazy\" decoding=\"async\" src=\"https:\/\/live.staticflickr.com\/65535\/55006166210_1de199bf7e_z.jpg\" alt=\"20251220_090016_resized\" width=\"640\" height=\"360\" \/><\/a><\/p>\n","protected":false},"excerpt":{"rendered":"<p>U subotu, 20. prosinca, u dvorani Osnovne \u0161kole Vladimira De\u0161\u010daka u Rakitju odr\u017eano je gradsko natjecanje u futsalu za dje\u010dake osnovnih \u0161kola. U prilogu se nalazi izvje\u0161\u0107e s natjecanja, kao i fotografije s odigranih utakmica. Izvje\u0161\u0107e s natjecanja<\/p>\n","protected":false},"author":367,"featured_media":2754,"comment_status":"closed","ping_status":"closed","sticky":false,"template":"","format":"standard","meta":{"footnotes":""},"categories":[1],"tags":[],"class_list":["post-2862","post","type-post","status-publish","format-standard","has-post-thumbnail","hentry","category-nekategorizirano"],"_links":{"self":[{"href":"https:\/\/skolski-sportski-savez-samobora-i-svete-nedelje.hr\/index.php?rest_route=\/wp\/v2\/posts\/2862","targetHints":{"allow":["GET"]}}],"collection":[{"href":"https:\/\/skolski-sportski-savez-samobora-i-svete-nedelje.hr\/index.php?rest_route=\/wp\/v2\/posts"}],"about":[{"href":"https:\/\/skolski-sportski-savez-samobora-i-svete-nedelje.hr\/index.php?rest_route=\/wp\/v2\/types\/post"}],"author":[{"embeddable":true,"href":"https:\/\/skolski-sportski-savez-samobora-i-svete-nedelje.hr\/index.php?rest_route=\/wp\/v2\/users\/367"}],"replies":[{"embeddable":true,"href":"https:\/\/skolski-sportski-savez-samobora-i-svete-nedelje.hr\/index.php?rest_route=%2Fwp%2Fv2%2Fcomments&post=2862"}],"version-history":[{"count":1,"href":"https:\/\/skolski-sportski-savez-samobora-i-svete-nedelje.hr\/index.php?rest_route=\/wp\/v2\/posts\/2862\/revisions"}],"predecessor-version":[{"id":2863,"href":"https:\/\/skolski-sportski-savez-samobora-i-svete-nedelje.hr\/index.php?rest_route=\/wp\/v2\/posts\/2862\/revisions\/2863"}],"wp:featuredmedia":[{"embeddable":true,"href":"https:\/\/skolski-sportski-savez-samobora-i-svete-nedelje.hr\/index.php?rest_route=\/wp\/v2\/media\/2754"}],"wp:attachment":[{"href":"https:\/\/skolski-sportski-savez-samobora-i-svete-nedelje.hr\/index.php?rest_route=%2Fwp%2Fv2%2Fmedia&parent=2862"}],"wp:term":[{"taxonomy":"category","embeddable":true,"href":"https:\/\/skolski-sportski-savez-samobora-i-svete-nedelje.hr\/index.php?rest_route=%2Fwp%2Fv2%2Fcategories&post=2862"},{"taxonomy":"post_tag","embeddable":true,"href":"https:\/\/skolski-sportski-savez-samobora-i-svete-nedelje.hr\/index.php?rest_route=%2Fwp%2Fv2%2Ftags&post=2862"}],"curies":[{"name":"wp","href":"https:\/\/api.w.org\/{rel}","templated":true}]}}